{"id":736,"date":"2025-11-20T07:25:56","date_gmt":"2025-11-20T07:25:56","guid":{"rendered":"https:\/\/riedersheim.de\/?p=736"},"modified":"2025-11-29T07:27:58","modified_gmt":"2025-11-29T07:27:58","slug":"geburtstags-teiler-schiessen","status":"publish","type":"post","link":"https:\/\/riedersheim.de\/index.php\/2025\/11\/20\/geburtstags-teiler-schiessen\/","title":{"rendered":"Geburtstags-Teiler-Schie\u00dfen"},"content":{"rendered":"\n<p>Zu seinem 65. Geburtstag lie\u00df es sich der Ehrensch\u00fctzenmeister Karl Lemmermeier<br>nicht nehmen ein Preisschie\u00dfen f\u00fcr den Sch\u00fctzenverein Almenrausch und Edelwei\u00df<br>Riedersheim zu veranstalten. Preise gab es f\u00fcr diejenigen, die dem 65-Teiler am<br>n\u00e4chsten kamen. Bei den Sch\u00fctzen konnte sich Alfred W\u00f6lfl mit einem 61er Teiler<br>durchsetzen, gefolgt von Robert Hilger (77,9) und Hans Stein (81,1). Auch die<br>erfolgreichen Jungsch\u00fctzen Sebastian Prostmeier und Quirin Berger freuten sich<br>sichtlich.<\/p>\n\n\n\n<figure class=\"wp-block-image size-large\"><img loading=\"lazy\" decoding=\"async\" width=\"1024\" height=\"852\" src=\"https:\/\/riedersheim.de\/wp-content\/uploads\/2025\/11\/WhatsApp-Image-2025-11-29-at-08.24.58-1024x852.jpeg\" alt=\"\" class=\"wp-image-737\" srcset=\"https:\/\/riedersheim.de\/wp-content\/uploads\/2025\/11\/WhatsApp-Image-2025-11-29-at-08.24.58-1024x852.jpeg 1024w, https:\/\/riedersheim.de\/wp-content\/uploads\/2025\/11\/WhatsApp-Image-2025-11-29-at-08.24.58-300x249.jpeg 300w, https:\/\/riedersheim.de\/wp-content\/uploads\/2025\/11\/WhatsApp-Image-2025-11-29-at-08.24.58-768x639.jpeg 768w, https:\/\/riedersheim.de\/wp-content\/uploads\/2025\/11\/WhatsApp-Image-2025-11-29-at-08.24.58-1536x1277.jpeg 1536w, https:\/\/riedersheim.de\/wp-content\/uploads\/2025\/11\/WhatsApp-Image-2025-11-29-at-08.24.58.jpeg 2048w\" sizes=\"auto, (max-width: 1024px) 100vw, 1024px\" \/><\/figure>\n","protected":false},"excerpt":{"rendered":"<p>Zu seinem 65. Geburtstag lie\u00df es sich der Ehrensch\u00fctzenmeister Karl Lemmermeiernicht nehmen ein Preisschie\u00dfen f\u00fcr den Sch\u00fctzenverein Almenrausch und Edelwei\u00dfRiedersheim zu veranstalten. Preise gab es f\u00fcr diejenigen, die dem 65-Teiler amn\u00e4chsten kamen. Bei den Sch\u00fctzen konnte sich Alfred W\u00f6lfl mit &hellip; <a href=\"https:\/\/riedersheim.de\/index.php\/2025\/11\/20\/geburtstags-teiler-schiessen\/\">Weiterlesen <span class=\"meta-nav\">&rarr;<\/span><\/a><\/p>\n","protected":false},"author":1,"featured_media":0,"comment_status":"closed","ping_status":"closed","sticky":false,"template":"","format":"standard","meta":{"_jetpack_memberships_contains_paid_content":false,"footnotes":""},"categories":[16,1],"tags":[],"class_list":["post-736","post","type-post","status-publish","format-standard","hentry","category-jubilare","category-verein"],"jetpack_featured_media_url":"","jetpack_sharing_enabled":true,"_links":{"self":[{"href":"https:\/\/riedersheim.de\/index.php\/wp-json\/wp\/v2\/posts\/736","targetHints":{"allow":["GET"]}}],"collection":[{"href":"https:\/\/riedersheim.de\/index.php\/wp-json\/wp\/v2\/posts"}],"about":[{"href":"https:\/\/riedersheim.de\/index.php\/wp-json\/wp\/v2\/types\/post"}],"author":[{"embeddable":true,"href":"https:\/\/riedersheim.de\/index.php\/wp-json\/wp\/v2\/users\/1"}],"replies":[{"embeddable":true,"href":"https:\/\/riedersheim.de\/index.php\/wp-json\/wp\/v2\/comments?post=736"}],"version-history":[{"count":1,"href":"https:\/\/riedersheim.de\/index.php\/wp-json\/wp\/v2\/posts\/736\/revisions"}],"predecessor-version":[{"id":738,"href":"https:\/\/riedersheim.de\/index.php\/wp-json\/wp\/v2\/posts\/736\/revisions\/738"}],"wp:attachment":[{"href":"https:\/\/riedersheim.de\/index.php\/wp-json\/wp\/v2\/media?parent=736"}],"wp:term":[{"taxonomy":"category","embeddable":true,"href":"https:\/\/riedersheim.de\/index.php\/wp-json\/wp\/v2\/categories?post=736"},{"taxonomy":"post_tag","embeddable":true,"href":"https:\/\/riedersheim.de\/index.php\/wp-json\/wp\/v2\/tags?post=736"}],"curies":[{"name":"wp","href":"https:\/\/api.w.org\/{rel}","templated":true}]}}